{"id":467,"date":"2023-10-26T23:20:37","date_gmt":"2023-10-26T21:20:37","guid":{"rendered":"https:\/\/tadeasbaca.cz\/?p=467"},"modified":"2023-10-26T23:30:43","modified_gmt":"2023-10-26T21:30:43","slug":"petiletka","status":"publish","type":"post","link":"http:\/\/tadeasbaca.cz\/?p=467","title":{"rendered":"P\u011aTILETKA"},"content":{"rendered":"[et_pb_section fb_built=&#8220;1&#8243; admin_label=&#8220;section&#8220; _builder_version=&#8220;4.16&#8243; global_colors_info=&#8220;{}&#8220;][et_pb_row admin_label=&#8220;row&#8220; _builder_version=&#8220;4.16&#8243; background_size=&#8220;initial&#8220; background_position=&#8220;top_left&#8220; background_repeat=&#8220;repeat&#8220; global_colors_info=&#8220;{}&#8220;][et_pb_column type=&#8220;4_4&#8243; _builder_version=&#8220;4.16&#8243; custom_padding=&#8220;|||&#8220; global_colors_info=&#8220;{}&#8220; custom_padding__hover=&#8220;|||&#8220;][et_pb_text admin_label=&#8220;Text&#8220; _builder_version=&#8220;4.16&#8243; background_size=&#8220;initial&#8220; background_position=&#8220;top_left&#8220; background_repeat=&#8220;repeat&#8220; global_colors_info=&#8220;{}&#8220; custom_margin=&#8220;-63px|||||&#8220; custom_padding=&#8220;||0px|||&#8220;]<p><\/p>\n<p>Je p\u011bt let ode dne, kdy jsem byl poprv\u00e9 zvolen do zastupitelstva na\u0161\u00ed kr\u00e1sn\u00e9 Mohelnice. K t\u00e9hle p\u011btiletce chci n\u011bco napsat, ale m\u00e1m toho na srdci tolik, \u017ee ani po\u0159\u00e1dn\u011b nev\u00edm, kde za\u010d\u00edt. To\u017e, pros\u00edm, omluvte pravd\u011bpodobnou chaoti\u010dnost n\u00e1sleduj\u00edc\u00edch \u0159\u00e1dk\u016f &#8211; jdou sp\u00ed\u0161 ze srdce, ne\u017e z hlavy. A taky nejsou chronologick\u00fdm v\u00fdpisem v\u0161eho, ale soupisem v\u011bc\u00ed, negativn\u00edch i pozitivn\u00edch, kter\u00e9 m\u011b zrovna napadaj\u00ed.<\/p>\n<p>Kdo nejde s n\u00e1mi, ten jde proti n\u00e1m. V zastupitelstvu m\u011bsta <a><\/a>st\u00e1le nevedeme konstruktivn\u00ed debaty, n\u00fdbr\u017e tu pro Mohelnici typickou hru na kamar\u00e1dy a nep\u0159\u00e1tele. Jej\u00edmi re\u017eis\u00e9ry a scen\u00e1risty v\u0161ak nejsme my z opozi\u010dn\u00edch lavic, ale jen a pouze starosta Kuba a jeho v\u011brn\u00ed. Krom\u011b nevhodn\u00fdch a vulg\u00e1rn\u00edch pozn\u00e1mek typu J\u00c1 V\u00c1S NEZVAL, nebo K*URVA J\u00c1 DU DOM pak na v\u00fdbornou zvl\u00e1d\u00e1 i \u00fatoky ad hominem na zastupitele, kte\u0159\u00ed maj\u00ed jin\u00fd n\u00e1zor, a taky v\u00fdhru\u017eky, kter\u00fdmi se n\u00e1s sna\u017e\u00ed odradit od n\u011bkter\u00fdch hlasov\u00e1n\u00ed.<\/p>\n<p>Ob\u010das m\u011b do b\u011bla vyt\u00e1\u010d\u00ed politici, kte\u0159\u00ed se v z\u00e1jmu vlastn\u00edho pohodl\u00ed boj\u00ed \u0159\u00edct sv\u016fj n\u00e1zor. \u0158\u00edk\u00e1m si, k \u010demu jsou v politick\u00fdch funkc\u00edch lid\u00e9, kte\u0159\u00ed se za ka\u017edou cenu br\u00e1n\u00ed konfrontaci? V\u017edy\u0165 p\u0159eci o st\u0159etu my\u0161lenek a n\u00e1zor\u016f politika je a m\u00e1 b\u00fdt. Oni by te\u010f ur\u010dit\u011b \u0159ekli, \u017ee nejsou politici, ale opak je pravdou; b\u00fdt v jak\u00e9koliv ve volb\u00e1ch volen\u00e9 funkci znamen\u00e1 b\u00fdt politik, ne \u00fa\u0159edn\u00edk, ne aktivista, ale politik &#8211; bez ohledu na to, zda takov\u00fd \u010dlov\u011bk vlastn\u00ed nebo nevlastn\u00ed stranickou kn\u00ed\u017eku.<\/p>\n<p>A u toho v\u0161eho m\u011b tak stra\u0161n\u011b \u0161tve, \u017ee m\u00e1m jen chab\u00e9 mo\u017enosti to hned te\u010f zm\u011bnit. Ha, ne\u0161tve, mn\u011b to vylo\u017een\u011b dr\u00e1s\u00e1 nervy. Ale to je demokracie a tu j\u00e1 m\u00e1m tuze r\u00e1d, to\u017e se s t\u00edm mus\u00edm sm\u00ed\u0159it a sna\u017eit se d\u011blat v\u0161e pro to, aby dal\u0161\u00ed volby p\u0159inesly zm\u011bnu.<\/p>\n<p>To zn\u00ed hodn\u011b pesimisticky, \u017ee? Nojo, nep\u00ed\u0161u o totalitn\u00ed p\u011btiletce, kter\u00e1 mus\u00ed b\u00fdt nabl\u00fdskan\u00e1 a veden\u00e1 v sam\u00fdch eufemismech, n\u00fdbr\u017e o p\u011btiletce jednoho nad\u0161en\u00fdho kluka, kter\u00fd miluje sv\u00fd m\u011bsto. Tak jsem na \u00favod musel napsat p\u00e1r v\u011bc\u00ed, kter\u00e9 m\u011b \u0161tvou ze v\u0161ech nejv\u00edc. A pro ty, kter\u00e9 tahle d\u00e1vka pesimismu neodradila, je tady to, co mi kouzl\u00ed \u00fasm\u011bv ve tv\u00e1\u0159i\u2026<\/p>\n<p>M\u00e1m kolem sebe t\u00fdm \u00fa\u017easn\u00fdch lid\u00ed! To je n\u011bco, bez \u010deho by to v\u016fbec ne\u0161lo. Jsou to lid\u00e9 r\u016fzn\u00fdch profes\u00ed a r\u016fzn\u00fdch generac\u00ed. Nejsou to k\u00fdva\u010di, kte\u0159\u00ed odsouhlas\u00ed v\u0161echno, co \u0159eknu, naopak, maj\u00ed sv\u016fj n\u00e1zor, kter\u00fd se neboj\u00ed \u0159\u00edct &#8211; v\u0161ichni um\u00edme slu\u0161n\u011b a v\u011bcn\u011b diskutovat, proto se i v nejsv\u00edzeln\u011bj\u0161\u00edch situac\u00edch v\u017edy dobereme k dobr\u00fdm \u0159e\u0161en\u00edm. Nejsou v na\u0161em t\u00fdmu pro sv\u016fj osobn\u00ed prosp\u011bch, ale pro l\u00e1sku k Mohelnici a p\u0159idru\u017een\u00fdm obc\u00edm. A to je n\u011bco, co je k nezaplacen\u00ed! Jo a tenhle t\u00fdm se rozr\u016fst\u00e1, nestoj\u00ed na m\u00edst\u011b ani nestagnuje, neust\u00e1le je bohat\u0161\u00ed o dal\u0161\u00ed a dal\u0161\u00ed tv\u00e1\u0159e, o dal\u0161\u00ed zku\u0161enosti i nov\u00e9 a neot\u0159el\u00e9 n\u00e1pady.<\/p>\n<p>Zabr\u00e1nili jsme likvidaci n\u00e1m\u011bst\u00ed Kosmonaut\u016f. I p\u0159es obrovskou sn\u016f\u0161ku vylhan\u00fdch obr\u00e1zk\u016f a scestn\u00fdch \u0159e\u010d\u00ed. To je asi moje nejv\u011bt\u0161\u00ed radost za t\u011bch posledn\u00edch n\u011bkolik let. Nyn\u00ed mus\u00edme opravit n\u00e1m\u011bst\u00ed dle studie U\/U a postavit patrov\u00e9 parkovi\u0161t\u011b v m\u00edst\u011b st\u00e1vaj\u00edc\u00edho parkovi\u0161t\u011b na Z\u00e1b\u0159e\u017esk\u00e9. Oboj\u00ed Kuba odm\u00edt\u00e1 ve stylu necht\u011bli jedno, nebudou m\u00edt \u017e\u00e1dn\u00e9. A v\u00edte co? Ono je to vlastn\u011b docela jedno. Pokud toti\u017e dal\u0161\u00ed strany v zastupitelstvu m\u011bsta dodr\u017e\u00ed sv\u00e9 z\u00e1vazky v\u016f\u010di voli\u010d\u016fm, pak pot\u0159ebn\u00fdch 11 hlas\u016f k vy\u0159e\u0161en\u00ed problematiky parkov\u00e1n\u00ed na Kosmonautech m\u00e1me i bez ohledu na batolec\u00ed ura\u017eenost. A j\u00e1 v\u011b\u0159\u00edm, \u017ee je dodr\u017e\u00ed, proto\u017ee kolegy z dal\u0161\u00edch t\u0159\u00ed stran zn\u00e1m a v\u00edm, \u017ee hraj\u00ed fair play.<\/p>\n<p>Radost ve tv\u00e1\u0159i mi kouzl\u00ed i t\u00e9m\u011b\u0159 ka\u017edodenn\u00ed pov\u00edd\u00e1n\u00ed s v\u00e1mi, sousedy a sousedkami. Nestane se, \u017ee bych p\u0159es den vyrazil ven a s n\u011bk\u00fdm z v\u00e1s neprohodil aspo\u0148 p\u00e1r slov &#8211; nejen o politice, ale i o naprosto v\u0161edn\u00edch dnech. Tuhle jsem se bavil o pe\u010den\u00ed b\u00e1bovky se skupinkou zn\u00e1m\u00fdch, kter\u00e9 si na lavi\u010dce na s\u00eddli\u0161ti u\u017e\u00edvaly posledn\u00edch sil slunce, a bylo to kr\u00e1sn\u00e9! A t\u011bch pozdrav\u016f a \u00fasm\u011bv\u016f, t\u011bch je je\u0161t\u011b v\u00edc a to na du\u0161i taky zah\u0159eje!<\/p>\n<p>Zalo\u017eili jsme spolek. S t\u00edm d\u011bl\u00e1me sousedsk\u00e9 akce; setk\u00e1n\u00ed na Kosmonautech, Dne pro na\u0161e seniory a Lou\u010den\u00ed s pr\u00e1zdninami u tvrze v Podol\u00ed se z\u00fa\u010dastnily stovky z v\u00e1s. <img decoding=\"async\" loading=\"lazy\" height=\"16\" width=\"16\" alt=\"\ud83d\udc9a\" src=\"https:\/\/static.xx.fbcdn.net\/images\/emoji.php\/v9\/ted\/1.5\/16\/1f49a.png\" \/> Uspo\u0159\u00e1dat jednu takovou akci stoj\u00ed spoustu \u010dasu, energie a pen\u011bz, ale za ty kr\u00e1sn\u00e9 diskuse, za ty nov\u00e9 zku\u0161enosti, za tu spoustu \u00fasm\u011bv\u016f a pekeln\u011b kr\u00e1sn\u00fdch setk\u00e1n\u00ed to stoj\u00ed! Budeme v tom pokra\u010dovat a nezastav\u00ed n\u00e1s ani ty jejich klacky, kter\u00e9 se n\u00e1m sna\u017e\u00ed h\u00e1zet pod nohy. Jak\u00e9 klacky? Tak t\u0159eba Den pro na\u0161e seniory jsme cht\u011bli uspo\u0159\u00e1dat na star\u00e9m h\u0159i\u0161ti na Vodn\u00ed, aby to v\u0161ichni na\u0161i senio\u0159i m\u011bli bl\u00ed\u017e. Z\u00e1bor prostranstv\u00ed, kter\u00fd je k tomuto nutn\u00fd, n\u00e1m v\u0161ak starosta zam\u00edtl z d\u016fvodu odstra\u0148ov\u00e1n\u00ed asfaltu. Utekly t\u0159i m\u011bs\u00edce a na m\u00edst\u011b se nepohnul ani kam\u00ednek. Ale to u\u017e je jin\u00fd a hodn\u011b d\u011btinsk\u00fd p\u0159\u00edb\u011bh. Zva\u017eovali jsme tehdy r\u016fzn\u00e9 kroky, ale Den pro na\u0161e seniory se v parku natolik povedl, \u017ee jsme tenhle klacek nechali n\u011bjak\u00e9mu \u017derykovi.<\/p>\n<p>Kulturn\u00ed a sousedsk\u00e9 akce BUDEME PO\u0158\u00c1DAT I NAD\u00c1LE &#8211; bude jich v\u00edc a v\u011b\u0159\u00edm, \u017ee n\u00e1m v\u0161em vykouzl\u00ed \u00fasm\u011bv ve tv\u00e1\u0159i! Nejbli\u017e\u0161\u00ed ji\u017e nyn\u00ed chyst\u00e1me na obdob\u00ed adventu.<img decoding=\"async\" loading=\"lazy\" height=\"16\" width=\"16\" alt=\"\ud83c\udf84\" src=\"https:\/\/static.xx.fbcdn.net\/images\/emoji.php\/v9\/t60\/1.5\/16\/1f384.png\" \/><\/p>\n<p>Ahh. T\u011bch kr\u00e1sn\u00fdch v\u011bc\u00ed je tolik!<\/p>\n<p>Obnovili jsme voli\u00e9ru s exotick\u00fdm ptactvem v parku. Jako mal\u00fd jsem miloval pov\u00edd\u00e1n\u00ed o voli\u00e9\u0159e s papou\u0161ky a okrasn\u00fdmi ba\u017eanty. U\u017e tehdy jsem si sl\u00edbil, \u017ee ji jednoho dne v parku obnov\u00edm. M\u00e1m proto obrovskou radost, \u017ee se to povedlo! A v\u011b\u0159\u00edm, \u017ee jednou se poda\u0159\u00ed ud\u011blat v parku je\u0161t\u011b v\u011bt\u0161\u00ed, odoln\u011bj\u0161\u00ed a v\u00edc profi voli\u00e9ru &#8211; t\u0159eba takovou, jakou maj\u00ed v Letohrad\u011b.<\/p>\n<p>Da\u0159\u00ed se n\u00e1m prosazovat body z na\u0161eho programu! Obecn\u00ed budova v Podol\u00ed se po letech slib\u016f opravuje, p\u0159ibyla n\u011bjak\u00e1 m\u00edsta ve \u0161kolce (zde dod\u00e1v\u00e1m, \u017ee to po\u0159\u00e1d nesta\u010d\u00ed, pot\u0159ebujeme garantovan\u00e9 m\u00edsto pro ka\u017ed\u00e9 d\u00edt\u011b star\u0161\u00ed dvou let), projektov\u00e1 dokumentace pro obnovu jez\u00edrka v parku je hotov\u00e1 a stromy na n\u00e1m\u011bst\u00ed Svobody taky budou! Ale co si budem, v programu toho m\u00e1me mnohem v\u00edc, proto s na\u0161\u00edm t\u00fdmem d\u011bl\u00e1me v\u0161e, abychom prosadili i dal\u0161\u00ed body &#8211; a co v\u00edc, abychom je prosadili s \u010dist\u00fdm \u0161t\u00edtem, bez k\u0161efta\u0159en\u00ed a bez \u0161patn\u00fdch kompromis\u016f, kter\u00e9 by p\u0159inejmen\u0161\u00edm mn\u011b zp\u016fsobily velmi neklidn\u00e9 span\u00ed.<\/p>\n<p>V\u00edte, tohle v\u0161echno, to nen\u00ed jen Tade\u00e1\u0161 Ba\u010da, to je spousta lid\u00ed. Spousta lid\u00ed, kte\u0159\u00ed d\u00e1vaj\u00ed obrovsk\u00e9 mno\u017estv\u00ed energie, \u010dasu, odvahy a invence do snahy o lep\u0161\u00ed Mohelnici. Do snahy o Mohelnici, kter\u00e1 hled\u00ed dop\u0159edu a ne dozadu. Do snahy o Mohelnici, kter\u00e1 nezn\u00e1 zlod\u011bjiny, kamar\u00e1d\u0161ofty, klientelismus, hulv\u00e1tstv\u00ed a v\u0161emo\u017en\u00e9 dal\u0161\u00ed pleticha\u0159en\u00ed. V\u0161em t\u011bm lidem d\u011bkuju, \u017ee v tom jsou se mnou. Jmenovit\u011b d\u011bkuju t\u011bm nejbli\u017e\u0161\u00edm, bez kter\u00fdch by to ne\u0161lo. D\u011bkuju Honzovi Sedl\u00e1\u010dkovi, se kter\u00fdm jsme v roce 2017 pokl\u00e1dali z\u00e1klady tohohle \u00fa\u017easn\u00e9ho movementu. D\u011bkuju \u00fa\u017easn\u00fdmi \u010dlen\u016fm a \u010dlenk\u00e1m na\u0161eho t\u00fdmu, Katce B\u00edlkov\u00e9, Ondrovi Nevrl\u00e9mu, Honzovi Pe\u0161karovi, Al\u010di \u0160pi\u010dkov\u00e9, Jan\u011b \u0160imkov\u00e9, Jardovi Rozs\u00edvalovi, Lubo\u0161i Bo\u010dkovi, Du\u0161anovi Krmelovi, Terez\u00ed Friedlov\u00e9, Jirkovi Pe\u0161karovi, Hance Unzeitigov\u00e9, Jarce Gregorov\u00e9, T\u00e1dovi Str\u00e1nsk\u00fdmu, Luk\u00e1\u0161i Ha\u0161kovi, Eli\u0161ce Leibnerov\u00e9, Edovi \u0160n\u00e9vajsovi, a mnoh\u00fdm, mnoh\u00fdm dal\u0161\u00edm! A taky d\u011bkuju v\u0161em t\u011bm, na kter\u00e9 se v\u017edy m\u016f\u017eu obr\u00e1tit s prosbou o radu &#8211; nebudu jmenovat v\u0161echny, proto\u017ee oni v\u011bd\u00ed, ale za v\u0161echny jmenuju jednoho\u2026 Velk\u00fd d\u00edk pat\u0159\u00ed i mil\u00e9mu kolegovi Petru Wolfovi, kter\u00fd v\u017edy porad\u00ed a nev\u00e1h\u00e1 se pod\u011blit o sv\u00e9 zku\u0161enosti. Obrovsk\u00fd d\u00edk pat\u0159\u00ed i v\u0161em soused\u016fm a sousedk\u00e1m, kte\u0159\u00ed p\u0159i n\u00e1s st\u00e1li a stoj\u00ed, bez t\u011bch by to toti\u017e u\u017e v\u016fbec ne\u0161lo.<\/p>\n<p>Jak se zn\u00e1m, tak jsem na n\u011bkoho ur\u010dit\u011b zapomn\u011bl &#8211; tomu\/t\u00e9 pat\u0159\u00ed takt\u00e9\u017e obrovsk\u00fd D\u011aKUJU!<img decoding=\"async\" loading=\"lazy\" height=\"16\" width=\"16\" alt=\"\ud83d\udc9a\" src=\"https:\/\/static.xx.fbcdn.net\/images\/emoji.php\/v9\/ted\/1.5\/16\/1f49a.png\" \/><\/p>\n<p>K politice m\u011b v d\u011btstv\u00ed p\u0159ivedly dv\u011b motivace &#8211; pozitivn\u00ed v podob\u011b m\u00e9 prababi\u010dky a diskus\u00ed s n\u00ed a negativn\u00ed v podob\u011b \u0161patn\u00e9 spr\u00e1vy m\u011bsta za starosty Kav\u0159\u00edka. V politice m\u011b nyn\u00ed dr\u017e\u00ed dv\u011b motivace &#8211; negativn\u00ed v podob\u011b hulv\u00e1tstv\u00ed, \u0161patn\u00e9 spr\u00e1vy m\u011bsta a kamar\u00e1d\u0161oft\u016f, jako\u017e i pozitivn\u00ed v podob\u011b l\u00e1sky k m\u011bstu, ve kter\u00e9m \u017eiju cel\u00fd \u017eivot a chci \u017e\u00edt a\u017e do posledn\u00edho dechu, l\u00e1sky k Mohelnici.<\/p>\n<p>Po\u0159\u00e1d m\u011b to bav\u00ed, po\u0159\u00e1d to d\u011bl\u00e1m s nad\u0161en\u00edm, po\u0159\u00e1d m\u016f\u017eu \u0159\u00edct, \u017ee se NEVZD\u00c1M a v tomhle sna\u017een\u00ed o lep\u0161\u00ed Mohelnici budu pokra\u010dovat. A v\u00edte co? Jsem si tot\u00e1ln\u011b jistej t\u00edm, \u017ee tohle ne\u0159\u00edk\u00e1m jen za sebe, ale za cel\u00fd n\u00e1\u0161 t\u00fdm!<\/p>\n<p>To\u017e kup\u0159edu, z\u00edt\u0159ek je n\u00e1\u0161 &#8211; j\u00e1 v to v\u011b\u0159\u00edm!<img decoding=\"async\" loading=\"lazy\" height=\"16\" width=\"16\" alt=\"\ud83d\udc9a\" src=\"https:\/\/static.xx.fbcdn.net\/images\/emoji.php\/v9\/ted\/1.5\/16\/1f49a.png\" \/><\/p>\n<p>Sv\u016fj a v\u00e1\u0161,<\/p>\n<p><strong>Tade\u00e1\u0161 Ba\u010da<\/strong><\/p>\n<p><\/p>\n<p><\/p>\n<p><a href=\"https:\/\/www.facebook.com\/photo\/?fbid=6848153501971571&amp;set=a.532883336831984&amp;__cft__[0]=AZU25FEHgsX9qAXtoDcfLx2ek1SNa4hyNP8loIjbSaKOR4V3OwDZi11DAkSvatUExuY0_nsvf3ttQQrR25qRcSpsCi1ZcxgL_aJ8Cpxo7PAblBcOA0uPuuBzVZWTGGaB7Nui5MrxWN_-a_5FzX5nXUNdhG_4oXRyCyIumihCd-EdaHJLHs94lifMydg9GVEJALA&amp;__tn__=EH-R\"><\/a><\/p>\n<p><\/p>[\/et_pb_text][et_pb_gallery _builder_version=&#8220;4.23&#8243; _module_preset=&#8220;default&#8220; gallery_ids=&#8220;391,472,473,474,475,476,477,478,479,480&#8243; show_title_and_caption=&#8220;off&#8220; show_pagination=&#8220;off&#8220; background_color=&#8220;RGBA(255,255,255,0)&#8220; posts_number=&#8220;8&#8243; hover_enabled=&#8220;0&#8243; sticky_enabled=&#8220;0&#8243; custom_margin=&#8220;-47px|||||&#8220;][\/et_pb_gallery][\/et_pb_column][\/et_pb_row][\/et_pb_section]","protected":false},"excerpt":{"rendered":"<p>Je p\u011bt let ode dne, kdy jsem byl poprv\u00e9 zvolen do zastupitelstva na\u0161\u00ed kr\u00e1sn\u00e9 Mohelnice. K t\u00e9hle p\u011btiletce chci n\u011bco napsat, ale m\u00e1m toho na srdci tolik, \u017ee ani po\u0159\u00e1dn\u011b nev\u00edm, kde za\u010d\u00edt. To\u017e, pros\u00edm, omluvte pravd\u011bpodobnou chaoti\u010dnost n\u00e1sleduj\u00edc\u00edch \u0159\u00e1dk\u016f &#8211; jdou sp\u00ed\u0161 ze srdce, ne\u017e z hlavy. A taky nejsou chronologick\u00fdm v\u00fdpisem v\u0161eho, ale [&hellip;]<\/p>\n","protected":false},"author":1,"featured_media":0,"comment_status":"open","ping_status":"open","sticky":false,"template":"","format":"standard","meta":{"_et_pb_use_builder":"on","_et_pb_old_content":"<!-- wp:paragraph -->\n<p>Je p\u011bt let ode dne, kdy jsem byl poprv\u00e9 zvolen do zastupitelstva na\u0161\u00ed kr\u00e1sn\u00e9 Mohelnice. K t\u00e9hle p\u011btiletce chci n\u011bco napsat, ale m\u00e1m toho na srdci tolik, \u017ee ani po\u0159\u00e1dn\u011b nev\u00edm, kde za\u010d\u00edt. To\u017e, pros\u00edm, omluvte pravd\u011bpodobnou chaoti\u010dnost n\u00e1sleduj\u00edc\u00edch \u0159\u00e1dk\u016f - jdou sp\u00ed\u0161 ze srdce, ne\u017e z hlavy. A taky nejsou chronologick\u00fdm v\u00fdpisem v\u0161eho, ale soupisem v\u011bc\u00ed, negativn\u00edch i pozitivn\u00edch, kter\u00e9 m\u011b zrovna napadaj\u00ed.<\/p>\n<!-- \/wp:paragraph -->\n\n<!-- wp:paragraph -->\n<p>Kdo nejde s n\u00e1mi, ten jde proti n\u00e1m. V zastupitelstvu m\u011bsta <a><\/a>st\u00e1le nevedeme konstruktivn\u00ed debaty, n\u00fdbr\u017e tu pro Mohelnici typickou hru na kamar\u00e1dy a nep\u0159\u00e1tele. Jej\u00edmi re\u017eis\u00e9ry a scen\u00e1risty v\u0161ak nejsme my z opozi\u010dn\u00edch lavic, ale jen a pouze starosta Kuba a jeho v\u011brn\u00ed. Krom\u011b nevhodn\u00fdch a vulg\u00e1rn\u00edch pozn\u00e1mek typu J\u00c1 V\u00c1S NEZVAL, nebo K*URVA J\u00c1 DU DOM pak na v\u00fdbornou zvl\u00e1d\u00e1 i \u00fatoky ad hominem na zastupitele, kte\u0159\u00ed maj\u00ed jin\u00fd n\u00e1zor, a taky v\u00fdhru\u017eky, kter\u00fdmi se n\u00e1s sna\u017e\u00ed odradit od n\u011bkter\u00fdch hlasov\u00e1n\u00ed.<\/p>\n<!-- \/wp:paragraph -->\n\n<!-- wp:paragraph -->\n<p>Ob\u010das m\u011b do b\u011bla vyt\u00e1\u010d\u00ed politici, kte\u0159\u00ed se v z\u00e1jmu vlastn\u00edho pohodl\u00ed boj\u00ed \u0159\u00edct sv\u016fj n\u00e1zor. \u0158\u00edk\u00e1m si, k \u010demu jsou v politick\u00fdch funkc\u00edch lid\u00e9, kte\u0159\u00ed se za ka\u017edou cenu br\u00e1n\u00ed konfrontaci? V\u017edy\u0165 p\u0159eci o st\u0159etu my\u0161lenek a n\u00e1zor\u016f politika je a m\u00e1 b\u00fdt. Oni by te\u010f ur\u010dit\u011b \u0159ekli, \u017ee nejsou politici, ale opak je pravdou; b\u00fdt v jak\u00e9koliv ve volb\u00e1ch volen\u00e9 funkci znamen\u00e1 b\u00fdt politik, ne \u00fa\u0159edn\u00edk, ne aktivista, ale politik - bez ohledu na to, zda takov\u00fd \u010dlov\u011bk vlastn\u00ed nebo nevlastn\u00ed stranickou kn\u00ed\u017eku.<\/p>\n<!-- \/wp:paragraph -->\n\n<!-- wp:paragraph -->\n<p>A u toho v\u0161eho m\u011b tak stra\u0161n\u011b \u0161tve, \u017ee m\u00e1m jen chab\u00e9 mo\u017enosti to hned te\u010f zm\u011bnit. Ha, ne\u0161tve, mn\u011b to vylo\u017een\u011b dr\u00e1s\u00e1 nervy. Ale to je demokracie a tu j\u00e1 m\u00e1m tuze r\u00e1d, to\u017e se s t\u00edm mus\u00edm sm\u00ed\u0159it a sna\u017eit se d\u011blat v\u0161e pro to, aby dal\u0161\u00ed volby p\u0159inesly zm\u011bnu.<\/p>\n<!-- \/wp:paragraph -->\n\n<!-- wp:paragraph -->\n<p>To zn\u00ed hodn\u011b pesimisticky, \u017ee? Nojo, nep\u00ed\u0161u o totalitn\u00ed p\u011btiletce, kter\u00e1 mus\u00ed b\u00fdt nabl\u00fdskan\u00e1 a veden\u00e1 v sam\u00fdch eufemismech, n\u00fdbr\u017e o p\u011btiletce jednoho nad\u0161en\u00fdho kluka, kter\u00fd miluje sv\u00fd m\u011bsto. Tak jsem na \u00favod musel napsat p\u00e1r v\u011bc\u00ed, kter\u00e9 m\u011b \u0161tvou ze v\u0161ech nejv\u00edc. A pro ty, kter\u00e9 tahle d\u00e1vka pesimismu neodradila, je tady to, co mi kouzl\u00ed \u00fasm\u011bv ve tv\u00e1\u0159i\u2026<\/p>\n<!-- \/wp:paragraph -->\n\n<!-- wp:paragraph -->\n<p>M\u00e1m kolem sebe t\u00fdm \u00fa\u017easn\u00fdch lid\u00ed! To je n\u011bco, bez \u010deho by to v\u016fbec ne\u0161lo. Jsou to lid\u00e9 r\u016fzn\u00fdch profes\u00ed a r\u016fzn\u00fdch generac\u00ed. Nejsou to k\u00fdva\u010di, kte\u0159\u00ed odsouhlas\u00ed v\u0161echno, co \u0159eknu, naopak, maj\u00ed sv\u016fj n\u00e1zor, kter\u00fd se neboj\u00ed \u0159\u00edct - v\u0161ichni um\u00edme slu\u0161n\u011b a v\u011bcn\u011b diskutovat, proto se i v nejsv\u00edzeln\u011bj\u0161\u00edch situac\u00edch v\u017edy dobereme k dobr\u00fdm \u0159e\u0161en\u00edm. Nejsou v na\u0161em t\u00fdmu pro sv\u016fj osobn\u00ed prosp\u011bch, ale pro l\u00e1sku k Mohelnici a p\u0159idru\u017een\u00fdm obc\u00edm. A to je n\u011bco, co je k nezaplacen\u00ed! Jo a tenhle t\u00fdm se rozr\u016fst\u00e1, nestoj\u00ed na m\u00edst\u011b ani nestagnuje, neust\u00e1le je bohat\u0161\u00ed o dal\u0161\u00ed a dal\u0161\u00ed tv\u00e1\u0159e, o dal\u0161\u00ed zku\u0161enosti i nov\u00e9 a neot\u0159el\u00e9 n\u00e1pady.<\/p>\n<!-- \/wp:paragraph -->\n\n<!-- wp:paragraph -->\n<p>Zabr\u00e1nili jsme likvidaci n\u00e1m\u011bst\u00ed Kosmonaut\u016f. I p\u0159es obrovskou sn\u016f\u0161ku vylhan\u00fdch obr\u00e1zk\u016f a scestn\u00fdch \u0159e\u010d\u00ed. To je asi moje nejv\u011bt\u0161\u00ed radost za t\u011bch posledn\u00edch n\u011bkolik let. Nyn\u00ed mus\u00edme opravit n\u00e1m\u011bst\u00ed dle studie U\/U a postavit patrov\u00e9 parkovi\u0161t\u011b v m\u00edst\u011b st\u00e1vaj\u00edc\u00edho parkovi\u0161t\u011b na Z\u00e1b\u0159e\u017esk\u00e9. Oboj\u00ed Kuba odm\u00edt\u00e1 ve stylu necht\u011bli jedno, nebudou m\u00edt \u017e\u00e1dn\u00e9. A v\u00edte co? Ono je to vlastn\u011b docela jedno. Pokud toti\u017e dal\u0161\u00ed strany v zastupitelstvu m\u011bsta dodr\u017e\u00ed sv\u00e9 z\u00e1vazky v\u016f\u010di voli\u010d\u016fm, pak pot\u0159ebn\u00fdch 11 hlas\u016f k vy\u0159e\u0161en\u00ed problematiky parkov\u00e1n\u00ed na Kosmonautech m\u00e1me i bez ohledu na batolec\u00ed ura\u017eenost. A j\u00e1 v\u011b\u0159\u00edm, \u017ee je dodr\u017e\u00ed, proto\u017ee kolegy z dal\u0161\u00edch t\u0159\u00ed stran zn\u00e1m a v\u00edm, \u017ee hraj\u00ed fair play.<\/p>\n<!-- \/wp:paragraph -->\n\n<!-- wp:paragraph -->\n<p>Radost ve tv\u00e1\u0159i mi kouzl\u00ed i t\u00e9m\u011b\u0159 ka\u017edodenn\u00ed pov\u00edd\u00e1n\u00ed s v\u00e1mi, sousedy a sousedkami. Nestane se, \u017ee bych p\u0159es den vyrazil ven a s n\u011bk\u00fdm z v\u00e1s neprohodil aspo\u0148 p\u00e1r slov - nejen o politice, ale i o naprosto v\u0161edn\u00edch dnech. Tuhle jsem se bavil o pe\u010den\u00ed b\u00e1bovky se skupinkou zn\u00e1m\u00fdch, kter\u00e9 si na lavi\u010dce na s\u00eddli\u0161ti u\u017e\u00edvaly posledn\u00edch sil slunce, a bylo to kr\u00e1sn\u00e9! A t\u011bch pozdrav\u016f a \u00fasm\u011bv\u016f, t\u011bch je je\u0161t\u011b v\u00edc a to na du\u0161i taky zah\u0159eje!<\/p>\n<!-- \/wp:paragraph -->\n\n<!-- wp:paragraph -->\n<p>Zalo\u017eili jsme spolek. S t\u00edm d\u011bl\u00e1me sousedsk\u00e9 akce; setk\u00e1n\u00ed na Kosmonautech, Dne pro na\u0161e seniory a Lou\u010den\u00ed s pr\u00e1zdninami u tvrze v Podol\u00ed se z\u00fa\u010dastnily stovky z v\u00e1s. <img height=\"16\" width=\"16\" alt=\"\ud83d\udc9a\" src=\"https:\/\/static.xx.fbcdn.net\/images\/emoji.php\/v9\/ted\/1.5\/16\/1f49a.png\"> Uspo\u0159\u00e1dat jednu takovou akci stoj\u00ed spoustu \u010dasu, energie a pen\u011bz, ale za ty kr\u00e1sn\u00e9 diskuse, za ty nov\u00e9 zku\u0161enosti, za tu spoustu \u00fasm\u011bv\u016f a pekeln\u011b kr\u00e1sn\u00fdch setk\u00e1n\u00ed to stoj\u00ed! Budeme v tom pokra\u010dovat a nezastav\u00ed n\u00e1s ani ty jejich klacky, kter\u00e9 se n\u00e1m sna\u017e\u00ed h\u00e1zet pod nohy. Jak\u00e9 klacky? Tak t\u0159eba Den pro na\u0161e seniory jsme cht\u011bli uspo\u0159\u00e1dat na star\u00e9m h\u0159i\u0161ti na Vodn\u00ed, aby to v\u0161ichni na\u0161i senio\u0159i m\u011bli bl\u00ed\u017e. Z\u00e1bor prostranstv\u00ed, kter\u00fd je k tomuto nutn\u00fd, n\u00e1m v\u0161ak starosta zam\u00edtl z d\u016fvodu odstra\u0148ov\u00e1n\u00ed asfaltu. Utekly t\u0159i m\u011bs\u00edce a na m\u00edst\u011b se nepohnul ani kam\u00ednek. Ale to u\u017e je jin\u00fd a hodn\u011b d\u011btinsk\u00fd p\u0159\u00edb\u011bh. Zva\u017eovali jsme tehdy r\u016fzn\u00e9 kroky, ale Den pro na\u0161e seniory se v parku natolik povedl, \u017ee jsme tenhle klacek nechali n\u011bjak\u00e9mu \u017derykovi.<\/p>\n<!-- \/wp:paragraph -->\n\n<!-- wp:paragraph -->\n<p>Kulturn\u00ed a sousedsk\u00e9 akce BUDEME PO\u0158\u00c1DAT I NAD\u00c1LE - bude jich v\u00edc a v\u011b\u0159\u00edm, \u017ee n\u00e1m v\u0161em vykouzl\u00ed \u00fasm\u011bv ve tv\u00e1\u0159i! Nejbli\u017e\u0161\u00ed ji\u017e nyn\u00ed chyst\u00e1me na obdob\u00ed adventu.<img height=\"16\" width=\"16\" alt=\"\ud83c\udf84\" src=\"https:\/\/static.xx.fbcdn.net\/images\/emoji.php\/v9\/t60\/1.5\/16\/1f384.png\"><\/p>\n<!-- \/wp:paragraph -->\n\n<!-- wp:paragraph -->\n<p>Ahh. T\u011bch kr\u00e1sn\u00fdch v\u011bc\u00ed je tolik!<\/p>\n<!-- \/wp:paragraph -->\n\n<!-- wp:paragraph -->\n<p>Obnovili jsme voli\u00e9ru s exotick\u00fdm ptactvem v parku. Jako mal\u00fd jsem miloval pov\u00edd\u00e1n\u00ed o voli\u00e9\u0159e s papou\u0161ky a okrasn\u00fdmi ba\u017eanty. U\u017e tehdy jsem si sl\u00edbil, \u017ee ji jednoho dne v parku obnov\u00edm. M\u00e1m proto obrovskou radost, \u017ee se to povedlo! A v\u011b\u0159\u00edm, \u017ee jednou se poda\u0159\u00ed ud\u011blat v parku je\u0161t\u011b v\u011bt\u0161\u00ed, odoln\u011bj\u0161\u00ed a v\u00edc profi voli\u00e9ru - t\u0159eba takovou, jakou maj\u00ed v Letohrad\u011b.<\/p>\n<!-- \/wp:paragraph -->\n\n<!-- wp:paragraph -->\n<p>Da\u0159\u00ed se n\u00e1m prosazovat body z na\u0161eho programu! Obecn\u00ed budova v Podol\u00ed se po letech slib\u016f opravuje, p\u0159ibyla n\u011bjak\u00e1 m\u00edsta ve \u0161kolce (zde dod\u00e1v\u00e1m, \u017ee to po\u0159\u00e1d nesta\u010d\u00ed, pot\u0159ebujeme garantovan\u00e9 m\u00edsto pro ka\u017ed\u00e9 d\u00edt\u011b star\u0161\u00ed dvou let), projektov\u00e1 dokumentace pro obnovu jez\u00edrka v parku je hotov\u00e1 a stromy na n\u00e1m\u011bst\u00ed Svobody taky budou! Ale co si budem, v programu toho m\u00e1me mnohem v\u00edc, proto s na\u0161\u00edm t\u00fdmem d\u011bl\u00e1me v\u0161e, abychom prosadili i dal\u0161\u00ed body - a co v\u00edc, abychom je prosadili s \u010dist\u00fdm \u0161t\u00edtem, bez k\u0161efta\u0159en\u00ed a bez \u0161patn\u00fdch kompromis\u016f, kter\u00e9 by p\u0159inejmen\u0161\u00edm mn\u011b zp\u016fsobily velmi neklidn\u00e9 span\u00ed.<\/p>\n<!-- \/wp:paragraph -->\n\n<!-- wp:paragraph -->\n<p>V\u00edte, tohle v\u0161echno, to nen\u00ed jen Tade\u00e1\u0161 Ba\u010da, to je spousta lid\u00ed. Spousta lid\u00ed, kte\u0159\u00ed d\u00e1vaj\u00ed obrovsk\u00e9 mno\u017estv\u00ed energie, \u010dasu, odvahy a invence do snahy o lep\u0161\u00ed Mohelnici. Do snahy o Mohelnici, kter\u00e1 hled\u00ed dop\u0159edu a ne dozadu. Do snahy o Mohelnici, kter\u00e1 nezn\u00e1 zlod\u011bjiny, kamar\u00e1d\u0161ofty, klientelismus, hulv\u00e1tstv\u00ed a v\u0161emo\u017en\u00e9 dal\u0161\u00ed pleticha\u0159en\u00ed. V\u0161em t\u011bm lidem d\u011bkuju, \u017ee v tom jsou se mnou. Jmenovit\u011b d\u011bkuju t\u011bm nejbli\u017e\u0161\u00edm, bez kter\u00fdch by to ne\u0161lo. D\u011bkuju Honzovi Sedl\u00e1\u010dkovi, se kter\u00fdm jsme v roce 2017 pokl\u00e1dali z\u00e1klady tohohle \u00fa\u017easn\u00e9ho movementu. D\u011bkuju \u00fa\u017easn\u00fdmi \u010dlen\u016fm a \u010dlenk\u00e1m na\u0161eho t\u00fdmu, Katce B\u00edlkov\u00e9, Ondrovi Nevrl\u00e9mu, Honzovi Pe\u0161karovi, Al\u010di \u0160pi\u010dkov\u00e9, Jan\u011b \u0160imkov\u00e9, Jardovi Rozs\u00edvalovi, Lubo\u0161i Bo\u010dkovi, Du\u0161anovi Krmelovi, Terez\u00ed Friedlov\u00e9, Jirkovi Pe\u0161karovi, Hance Unzeitigov\u00e9, Jarce Gregorov\u00e9, T\u00e1dovi Str\u00e1nsk\u00fdmu, Luk\u00e1\u0161i Ha\u0161kovi, Eli\u0161ce Leibnerov\u00e9, Edovi \u0160n\u00e9vajsovi, a mnoh\u00fdm, mnoh\u00fdm dal\u0161\u00edm! A taky d\u011bkuju v\u0161em t\u011bm, na kter\u00e9 se v\u017edy m\u016f\u017eu obr\u00e1tit s prosbou o radu - nebudu jmenovat v\u0161echny, proto\u017ee oni v\u011bd\u00ed, ale za v\u0161echny jmenuju jednoho\u2026 Velk\u00fd d\u00edk pat\u0159\u00ed i mil\u00e9mu kolegovi Petru Wolfovi, kter\u00fd v\u017edy porad\u00ed a nev\u00e1h\u00e1 se pod\u011blit o sv\u00e9 zku\u0161enosti. Obrovsk\u00fd d\u00edk pat\u0159\u00ed i v\u0161em soused\u016fm a sousedk\u00e1m, kte\u0159\u00ed p\u0159i n\u00e1s st\u00e1li a stoj\u00ed, bez t\u011bch by to toti\u017e u\u017e v\u016fbec ne\u0161lo.<\/p>\n<!-- \/wp:paragraph -->\n\n<!-- wp:paragraph -->\n<p>Jak se zn\u00e1m, tak jsem na n\u011bkoho ur\u010dit\u011b zapomn\u011bl - tomu\/t\u00e9 pat\u0159\u00ed takt\u00e9\u017e obrovsk\u00fd D\u011aKUJU!<img height=\"16\" width=\"16\" alt=\"\ud83d\udc9a\" src=\"https:\/\/static.xx.fbcdn.net\/images\/emoji.php\/v9\/ted\/1.5\/16\/1f49a.png\"><\/p>\n<!-- \/wp:paragraph -->\n\n<!-- wp:paragraph -->\n<p>K politice m\u011b v d\u011btstv\u00ed p\u0159ivedly dv\u011b motivace - pozitivn\u00ed v podob\u011b m\u00e9 prababi\u010dky a diskus\u00ed s n\u00ed a negativn\u00ed v podob\u011b \u0161patn\u00e9 spr\u00e1vy m\u011bsta za starosty Kav\u0159\u00edka. V politice m\u011b nyn\u00ed dr\u017e\u00ed dv\u011b motivace - negativn\u00ed v podob\u011b hulv\u00e1tstv\u00ed, \u0161patn\u00e9 spr\u00e1vy m\u011bsta a kamar\u00e1d\u0161oft\u016f, jako\u017e i pozitivn\u00ed v podob\u011b l\u00e1sky k m\u011bstu, ve kter\u00e9m \u017eiju cel\u00fd \u017eivot a chci \u017e\u00edt a\u017e do posledn\u00edho dechu, l\u00e1sky k Mohelnici.<\/p>\n<!-- \/wp:paragraph -->\n\n<!-- wp:paragraph -->\n<p>Po\u0159\u00e1d m\u011b to bav\u00ed, po\u0159\u00e1d to d\u011bl\u00e1m s nad\u0161en\u00edm, po\u0159\u00e1d m\u016f\u017eu \u0159\u00edct, \u017ee se NEVZD\u00c1M a v tomhle sna\u017een\u00ed o lep\u0161\u00ed Mohelnici budu pokra\u010dovat. A v\u00edte co? Jsem si tot\u00e1ln\u011b jistej t\u00edm, \u017ee tohle ne\u0159\u00edk\u00e1m jen za sebe, ale za cel\u00fd n\u00e1\u0161 t\u00fdm!<\/p>\n<!-- \/wp:paragraph -->\n\n<!-- wp:paragraph -->\n<p>To\u017e kup\u0159edu, z\u00edt\u0159ek je n\u00e1\u0161 - j\u00e1 v to v\u011b\u0159\u00edm!<img height=\"16\" width=\"16\" alt=\"\ud83d\udc9a\" src=\"https:\/\/static.xx.fbcdn.net\/images\/emoji.php\/v9\/ted\/1.5\/16\/1f49a.png\"><\/p>\n<!-- \/wp:paragraph -->\n\n<!-- wp:paragraph -->\n<p><a href=\"https:\/\/www.facebook.com\/photo\/?fbid=6848153501971571&amp;set=a.532883336831984&amp;__cft__[0]=AZU25FEHgsX9qAXtoDcfLx2ek1SNa4hyNP8loIjbSaKOR4V3OwDZi11DAkSvatUExuY0_nsvf3ttQQrR25qRcSpsCi1ZcxgL_aJ8Cpxo7PAblBcOA0uPuuBzVZWTGGaB7Nui5MrxWN_-a_5FzX5nXUNdhG_4oXRyCyIumihCd-EdaHJLHs94lifMydg9GVEJALA&amp;__tn__=EH-R\"><\/a><\/p>\n<!-- \/wp:paragraph -->","_et_gb_content_width":"1080","footnotes":""},"categories":[1],"tags":[6,7],"_links":{"self":[{"href":"http:\/\/tadeasbaca.cz\/index.php?rest_route=\/wp\/v2\/posts\/467"}],"collection":[{"href":"http:\/\/tadeasbaca.cz\/index.php?rest_route=\/wp\/v2\/posts"}],"about":[{"href":"http:\/\/tadeasbaca.cz\/index.php?rest_route=\/wp\/v2\/types\/post"}],"author":[{"embeddable":true,"href":"http:\/\/tadeasbaca.cz\/index.php?rest_route=\/wp\/v2\/users\/1"}],"replies":[{"embeddable":true,"href":"http:\/\/tadeasbaca.cz\/index.php?rest_route=%2Fwp%2Fv2%2Fcomments&post=467"}],"version-history":[{"count":5,"href":"http:\/\/tadeasbaca.cz\/index.php?rest_route=\/wp\/v2\/posts\/467\/revisions"}],"predecessor-version":[{"id":482,"href":"http:\/\/tadeasbaca.cz\/index.php?rest_route=\/wp\/v2\/posts\/467\/revisions\/482"}],"wp:attachment":[{"href":"http:\/\/tadeasbaca.cz\/index.php?rest_route=%2Fwp%2Fv2%2Fmedia&parent=467"}],"wp:term":[{"taxonomy":"category","embeddable":true,"href":"http:\/\/tadeasbaca.cz\/index.php?rest_route=%2Fwp%2Fv2%2Fcategories&post=467"},{"taxonomy":"post_tag","embeddable":true,"href":"http:\/\/tadeasbaca.cz\/index.php?rest_route=%2Fwp%2Fv2%2Ftags&post=467"}],"curies":[{"name":"wp","href":"https:\/\/api.w.org\/{rel}","templated":true}]}}